{"id":4795,"date":"2023-12-08T14:51:08","date_gmt":"2023-12-08T13:51:08","guid":{"rendered":"https:\/\/www.czirpczirp.cc\/?p=4795"},"modified":"2024-09-11T09:36:18","modified_gmt":"2024-09-11T07:36:18","slug":"klanghain-2-2-2","status":"publish","type":"post","link":"https:\/\/www.czirpczirp.cc\/?p=4795","title":{"rendered":"KLANGHAIN | PROGRAMM"},"content":{"rendered":"\n<div style=\"height:50px\" aria-hidden=\"true\" class=\"wp-block-spacer\"><\/div>\n\n\n\n<figure class=\"wp-block-image size-full\"><a href=\"https:\/\/www.czirpczirp.cc\/wp-content\/uploads\/2023\/12\/KLANGHAIN_Deep-Listening-25-05.24.jpg\" rel=\"lightbox[4703]\"><img loading=\"lazy\" decoding=\"async\" width=\"800\" height=\"534\" src=\"https:\/\/www.czirpczirp.cc\/wp-content\/uploads\/2023\/12\/KLANGHAIN_Deep-Listening-25-05.24.jpg\" alt=\"\" class=\"wp-image-5165\" srcset=\"https:\/\/www.czirpczirp.cc\/wp-content\/uploads\/2023\/12\/KLANGHAIN_Deep-Listening-25-05.24.jpg 800w, https:\/\/www.czirpczirp.cc\/wp-content\/uploads\/2023\/12\/KLANGHAIN_Deep-Listening-25-05.24-300x200.jpg 300w, https:\/\/www.czirpczirp.cc\/wp-content\/uploads\/2023\/12\/KLANGHAIN_Deep-Listening-25-05.24-768x513.jpg 768w\" sizes=\"auto, (max-width: 800px) 100vw, 800px\" \/><\/a><figcaption class=\"wp-element-caption\">Kollaboration von Sa\u0161a Spa\u010dal und Leslie Garcia beim Deep Listening mit Bodenbakterien. Bild: Aled Ordu 2024.<\/figcaption><\/figure>\n\n\n\n<div style=\"height:20px\" aria-hidden=\"true\" class=\"wp-block-spacer\"><\/div>\n\n\n\n<p class=\"has-text-align-right\"><em><a href=\"https:\/\/www.czirpczirp.cc\/?p=4914\">Englisch<\/a><\/em><\/p>\n\n\n\n<h2 class=\"wp-block-heading\">PROGRAMM<\/h2>\n\n\n\n<div style=\"height:20px\" aria-hidden=\"true\" class=\"wp-block-spacer\"><\/div>\n\n\n\n<p><strong>Er\u00f6ffnung<br>Freitag, 24.05.2024, 18:00<\/strong><br>Sch\u00f6nbornpark (Eingang Lange Gasse), 1080 Wien<\/p>\n\n\n\n<p><strong>Deep Listening mit Bodenbakterien (live)<br>Samstag, 25.05.2024, 16:00-20:00<\/strong><br><em><a href=\"https:\/\/sasaspacal.bandcamp.com\/album\/anatomy-of-a-symbiosis\">Anatomy of a Symbiosis<\/a><\/em> (Bild) von Sa\u0161a Spa\u010dal (SI); <br><em><a href=\"https:\/\/vimeo.com\/887268862\">Speculative Communications<\/a><\/em> von Interspecifics (MX).<br><strong>Im Garten des Volkskundemuseums<\/strong>.<\/p>\n\n\n\n<p><strong>Diskurs<br>Samstag, 08.06.2024, 16:00-18:00<\/strong><br>Kurator*innenf\u00fchrung und offenes Gespr\u00e4ch \u00fcber unterirdische Lebensformen.<br>Warum sind sie wichtig f\u00fcr uns?<br>Wie k\u00f6nnen wir sie sch\u00fctzen?<br><strong>Treffpunkt am Haupteingang des Volkskundemuseums,<br>Laudongasse 15\u201319, 1080 Wien.<\/strong><\/p>\n\n\n\n<p><strong>Diskurs<\/strong><br><strong>Samstag, 13.07.2024, 16:00-17:00<\/strong><br>Kurator*innenf\u00fchrung und offenes Gespr\u00e4ch \u00fcber unterirdische Lebensformen.<br>Warum sind sie wichtig f\u00fcr uns?<br>Wie k\u00f6nnen wir sie sch\u00fctzen?<br><strong>Treffpunkt Sch\u00f6nbornpark, Eingang Lange Gasse.<\/strong><\/p>\n\n\n\n<div style=\"height:40px\" aria-hidden=\"true\" class=\"wp-block-spacer\"><\/div>\n\n\n\n<h2 class=\"wp-block-heading\"><strong>AUSSTELLUNGSDAUER<\/strong><\/h2>\n\n\n\n<div style=\"height:20px\" aria-hidden=\"true\" class=\"wp-block-spacer\"><\/div>\n\n\n\n<p><strong>25.05.-14.07.2024<\/strong><br><strong>Sch\u00f6nbornpark (Eingang Lange Gasse), 1080 Wien.<\/strong><br>T\u00e4glich ge\u00f6ffnet 7:00-21:30.<\/p>\n\n\n\n<p>Die sonar-digitalen und biologischen Subkulturen sind in der tempor\u00e4ren Installation KLANGHAIN Sch\u00f6nbornpark vom 24.5.-14.07.2024 zu erkunden. Workshops, Vortr\u00e4ge und Live-Performances vertiefen die Erfahrungen mit dem spezies\u00fcbergreifenden <em>Underground<\/em>. <\/p>\n\n\n\n<div style=\"height:100px\" aria-hidden=\"true\" class=\"wp-block-spacer\"><\/div>\n\n\n\n<p>Kuratorin: <strong><a href=\"https:\/\/lonagaikis.info\/\">Lona Gaikis<\/a> <\/strong><\/p>\n\n\n\n<div style=\"height:20px\" aria-hidden=\"true\" class=\"wp-block-spacer\"><\/div>\n\n\n\n<p>Das Werk von Ji\u0159\u00ed Such\u00e1nek wurde mit finanzieller Unterst\u00fctzung der Europ\u00e4ischen Union erm\u00f6glicht. Die darin zum Ausdruck gebrachten Ansichten k\u00f6nnen jedoch in keiner Weise als offizielle Meinung der EU angesehen werden.<\/p>\n\n\n\n<figure class=\"wp-block-image size-full is-resized\"><a href=\"https:\/\/www.czirpczirp.cc\/wp-content\/uploads\/2023\/12\/Logos-Grantees-Transparent-Background-5_web.png\" rel=\"lightbox[4703]\"><img loading=\"lazy\" decoding=\"async\" width=\"800\" height=\"81\" src=\"https:\/\/www.czirpczirp.cc\/wp-content\/uploads\/2023\/12\/Logos-Grantees-Transparent-Background-5_web.png\" alt=\"\" class=\"wp-image-4842\" style=\"width:800px\" srcset=\"https:\/\/www.czirpczirp.cc\/wp-content\/uploads\/2023\/12\/Logos-Grantees-Transparent-Background-5_web.png 800w, https:\/\/www.czirpczirp.cc\/wp-content\/uploads\/2023\/12\/Logos-Grantees-Transparent-Background-5_web-300x30.png 300w, https:\/\/www.czirpczirp.cc\/wp-content\/uploads\/2023\/12\/Logos-Grantees-Transparent-Background-5_web-768x78.png 768w\" sizes=\"auto, (max-width: 800px) 100vw, 800px\" \/><\/a><\/figure>\n\n\n\n<div style=\"height:50px\" aria-hidden=\"true\" class=\"wp-block-spacer\"><\/div>\n\n\n\n<p>In Co-Produktion mit dem Volkskundemuseum Wien. In Medienkooperation mit der Klima Biennale Wien.<\/p>\n\n\n\n<p>Gef\u00f6rdert vom Bundesministerium f\u00fcr Kunst, Kultur, \u00f6ffentlichen Dienst und Sport (BMK\u00d6S), der Stadt Wien MA 7 Musik sowie dem&nbsp;Bezirk Josefstadt.<\/p>\n\n\n\n<div style=\"height:10px\" aria-hidden=\"true\" class=\"wp-block-spacer\"><\/div>\n\n\n<style id=\"sp_logo_carousel_dynamic_css4630\">.layout-table #sp-logo-carousel-pro4630 .table-logo-area img,div.sp-logo-carousel-pro-section div#sp-logo-carousel-pro4630 .sp-lcp-item img{opacity: 1 !important;}.layout-table #sp-logo-carousel-pro4630 .table-logo-area img,div.sp-logo-carousel-pro-section div#sp-logo-carousel-pro4630 .sp-lcp-item img{padding: 0px;}div.sp-logo-carousel-pro-section div#sp-logo-carousel-pro4630 .sp-lcp-item:hover img{opacity: 1 !important;}div#sp-logo-carousel-pro4630.sp-logo-carousel-pro-area .sp-lcp-item .sp-lcp-item-border,div#sp-logo-carousel-pro4630.sp-logo-carousel-pro-area .sp-lcp-item.sp-lcp-item-border{padding: 0px;background: transparent;}div#sp-logo-carousel-pro4630.sp-logo-carousel-pro-area .sp-lcp-item:hover .sp-lcp-item-border,div#sp-logo-carousel-pro4630.sp-logo-carousel-pro-area .sp-lcp-item:hover.sp-lcp-item-border{background: transparent;}div.sp-logo-carousel-pro-section div#sp-logo-carousel-pro4630 .swiper-wrapper .swiper-slide {align-self: center;}div.sp-logo-carousel-pro-section:not(.layout-inline):not(.layout-table) div#sp-logo-carousel-pro4630 .sp-isotope-logo-items,div.sp-logo-carousel-pro-section:not(.layout-inline):not(.layout-list) div#sp-logo-carousel-pro4630 .sp-isotope-logo-items {align-items: center;}div.sp-logo-carousel-pro-section div#sp-logo-carousel-pro4630 [class*=\"lcp-col\"]{margin: 0;box-shadow: none;}.sp-logo-carousel-pro-section #sp-logo-carousel-pro4630 .sp-lcpro-readmore-area{text-align: center;}.sp-logo-carousel-pro-section #sp-logo-carousel-pro4630 .sp-lcpro-readmore-area .sp-lcpro-readmore-text-link,.sp-logo-carousel-pro-section #sp-logo-carousel-pro4630 .sp-lcpro-readmore-area .sp-lcpro-readmore{background: transparent;color: #05b3c6;padding: 5px 13px;margin-bottom: 18px;display: inline-block;border-radius: 2px;border: 2px solid #05b3c6 !important;font-size: 14px;font-family: Ubuntu;font-style: normal; font-weight: 400;line-height:20px;letter-spacing: 0px;text-transform: none;}.sp-logo-carousel-pro-section #sp-logo-carousel-pro4630 .sp-lcpro-readmore-area .sp-lcpro-readmore:hover{background: #05b3c6;color: #ffffff;border: 2px solid #05b3c6 !important;}.sp-logo-carousel-pro-section #sp-logo-carousel-pro4630 .sp-lcpro-readmore-area .sp-lcpro-readmore-text-link {color: #555555;border: 0 !important;padding: 0;text-decoration: underline;}.sp-logo-carousel-pro-section #sp-logo-carousel-pro4630 .sp-lcpro-readmore-area .sp-lcpro-readmore-text-link:hover {color: #05b3c6;background: unset;border: 0 !important;}.layout-inline #sp-logo-carousel-pro4630.lcp-container{padding-right: 0px;}.lcp-table-layout-header,div#sp-logo-carousel-pro4630.sp-logo-carousel-pro-area .sp-lcp-item .sp-lcp-item-border,div#sp-logo-carousel-pro4630.sp-logo-carousel-pro-area .sp-lcp-item.sp-lcp-item-border{border: 0px solid #dddddd;}.layout-inline #sp-logo-carousel-pro4630.sp-logo-carousel-pro-area .sp-lcp-item .sp-lcp-item-border,.layout-inline #sp-logo-carousel-pro4630.sp-logo-carousel-pro-area .sp-lcp-item.sp-lcp-item-border{margin: 0 -0px -0px 0;}div#sp-logo-carousel-pro4630.sp-logo-carousel-pro-area .sp-lcp-item:hover .sp-lcp-item-border,div#sp-logo-carousel-pro4630.sp-logo-carousel-pro-area .sp-lcp-item:hover.sp-lcp-item-border{border-color: ;}div#sp-logo-carousel-pro4630.sp-logo-carousel-pro-area .sp-lcp-item .sp-lcp-item-border,div#sp-logo-carousel-pro4630.sp-logo-carousel-pro-area .sp-lcp-item.sp-lcp-item-border{border-radius: 0px;z-index: 1;overflow: hidden;}@media screen and (max-width: 480px) {div#sp-logo-carousel-pro4630.sp-logo-carousel-pro-area .sp-lcp-prev-button,div#sp-logo-carousel-pro4630.sp-logo-carousel-pro-area .sp-lcp-next-button {display: none;}div#sp-logo-carousel-pro4630.sp-logo-carousel-pro-area:not(.swiper-vertical ) {margin: 0;}}.tooltipster-sidetip.sp-logo-carousel-pro4630style .tooltipster-box{background: #ffffff;border: 1px solid #000000;border-radius: 2px;}.tooltipster-sidetip.sp-logo-carousel-pro4630style .tooltipster-box .tooltipster-content {padding: 6px 14px 6px 14px;}.tooltipster-sidetip.sp-logo-carousel-pro4630style.tooltipster-bottom .tooltipster-arrow-background,.tooltipster-sidetip.sp-logo-carousel-pro4630style.tooltipster-bottom .tooltipster-arrow-border {border-bottom-color: #000000;}.tooltipster-sidetip.sp-logo-carousel-pro4630style.tooltipster-left .tooltipster-arrow-background,.tooltipster-sidetip.sp-logo-carousel-pro4630style.tooltipster-left .tooltipster-arrow-border {border-left-color: #000000;}.tooltipster-sidetip.sp-logo-carousel-pro4630style.tooltipster-right .tooltipster-arrow-background,.tooltipster-sidetip.sp-logo-carousel-pro4630style.tooltipster-right .tooltipster-arrow-border {border-right-color: #000000;}.tooltipster-sidetip.sp-logo-carousel-pro4630style.tooltipster-top .tooltipster-arrow-background,.tooltipster-sidetip.sp-logo-carousel-pro4630style.tooltipster-top .tooltipster-arrow-border {border-top-color: #000000;}.tooltipster-sidetip.sp-logo-carousel-pro4630style .tooltipster-box .tooltipster-content {color: #ffffff;}#sp-lcpro-id-4630:is(.layout-inline,.layout-grid) .sp-logo-carousel-pro-area .sp-isotope-logo-items{justify-content: left;}.sp-logo-carousel-pro-section.sp-lcpro-id-4630{position: relative;}#lcp-preloader-4630{position: absolute;left: 0;top: 0;height: 100%;width: 100%;text-align: center;display: flex;align-items: center;justify-content: center;background: #fff;z-index: 9999;}<\/style><div id=\"sp-lcpro-id-4630\" class=\"sp-logo-carousel-pro-section layout-carousel sp-lcpro-id-4630 sp-logo-section-id-4630 nav_position_top_right sp-lcpro-clear lcp_horizontal pagination-type-dots\" ><div class=\"sp-lcp-tooltip-conf\" data-animation=\"grow\" data-side=\"top\" data-maxwidth=\"220\" data-visibility=\"hover\" data-bubble=\"true\" data-distance=\"1\"><\/div><div id=\"lcp-preloader-4630\" class=\"sp-logo-carousel-pro-preloader\"><img decoding=\"async\" src=\"https:\/\/www.czirpczirp.cc\/wp-content\/plugins\/logo-carousel-pro\/src\/Frontend\/assets\/css\/images\/spinner.svg\" class=\"skip-lazy\" alt=\"loader-image\"\/><\/div><div class=\"sp-lcp-carousel-wrapper\"><div id=\"sp-logo-carousel-pro4630\" class=\"sp-logo-carousel-pro-area lcp-preloader mode_standard splcp-ttip swiper-container\" data-swiper='{\"vertical\" : \"false\",\"fade_mode\" : \"false\",\"centerMode\": false,\"spaceBetween\": 15, \"adaptiveHeight\":false,\"carousel_accessibility\":false, \"swipeToSlide \":false,\"autoplay\":true, \"autoplaySpeed\":1000, \"speed\":1000, \"dots\":false,\"loop\":true,\"pauseOnHover\":true, \"rtl\":false, \"swipe\": false, \"draggable\": false,\"freeMode\": false,\"lazyLoad\" : false, \"pagination_type\" : \"dots\",\"slidesToShow\": { \"lg_desktop\" : 3,\"desktop\":3, \"laptop\":3, \"tablet\":2, \"mobile\":1 },\"slidesToScroll\": { \"lg_desktop\":1, \"desktop\":1, \"laptop\":1, \"tablet\":1, \"mobile\":1}, \"rows\": {\"lg_desktop\":1, \"desktop\":1, \"laptop\":1, \"tablet\":1, \"mobile\":1},\"arrows\": false}' data-carousel-starts-onscreen=false data-nav_type=nav_arrow data-arrowtype=\"angle_arrow_horizon\" dir=\"ltr\"><div class=\" swiper-wrapper\"><div class=\"swiper-slide sp-lcp-item text-center\"><div class=\"sp-lcp-item-border content_position_default sp-lcp-tooltip\" title=\"00_Volkskundemeuseum Wien\"><div class=\"sp-lcp-logo-wrapper \" data-post-id=\"4628\"><a target=\"_blank\" href=\"https:\/\/www.volkskundemuseum.at\"><img loading=\"lazy\" decoding=\"async\" src=\"https:\/\/www.czirpczirp.cc\/wp-content\/uploads\/2024\/01\/VKM_Logo-300x297.jpeg\" alt=\"00_Volkskundemeuseum Wien\" width=\"300\" height=\"297\" class=\"sp_lcp_thumb \"><\/a><\/div><\/div><\/div><div class=\"swiper-slide sp-lcp-item text-center\"><div class=\"sp-lcp-item-border content_position_default sp-lcp-tooltip\" title=\"01_VKM_before it gets better\"><div class=\"sp-lcp-logo-wrapper \" data-post-id=\"4802\"><a target=\"_blank\" href=\"https:\/\/www.volkskundemuseum.at\"><img loading=\"lazy\" decoding=\"async\" src=\"https:\/\/www.czirpczirp.cc\/wp-content\/uploads\/2024\/04\/bigb_schriftzug_schwarz_3zeilen_web-e1713892042717-300x272.png\" alt=\"01_VKM_before it gets better\" width=\"300\" height=\"272\" class=\"sp_lcp_thumb \"><\/a><\/div><\/div><\/div><div class=\"swiper-slide sp-lcp-item text-center\"><div class=\"sp-lcp-item-border content_position_default sp-lcp-tooltip\" title=\"02_BMK\u00d6S Bundesministerium f\u00fcr Kunst\"><div class=\"sp-lcp-logo-wrapper \" data-post-id=\"1758\"><a target=\"_blank\" href=\"https:\/\/www.bmkoes.gv.at\/\"><img loading=\"lazy\" decoding=\"async\" src=\"https:\/\/www.czirpczirp.cc\/wp-content\/uploads\/2020\/05\/BMKOES_Logo-300x81.jpg\" alt=\"02_BMK\u00d6S Bundesministerium f\u00fcr Kunst\" width=\"300\" height=\"81\" class=\"sp_lcp_thumb \"><\/a><\/div><\/div><\/div><div class=\"swiper-slide sp-lcp-item text-center\"><div class=\"sp-lcp-item-border content_position_default sp-lcp-tooltip\" title=\"03_Stadt Wien Kultur\"><div class=\"sp-lcp-logo-wrapper \" data-post-id=\"3969\"><img loading=\"lazy\" decoding=\"async\" src=\"https:\/\/www.czirpczirp.cc\/wp-content\/uploads\/2023\/06\/Stadt_Wien_Kultur_pos_rgb-300x87.jpg\" alt=\"03_Stadt Wien Kultur\" width=\"300\" height=\"87\" class=\"sp_lcp_thumb \"><\/div><\/div><\/div><div class=\"swiper-slide sp-lcp-item text-center\"><div class=\"sp-lcp-item-border content_position_default sp-lcp-tooltip\" title=\"04_Bezirksamt Josefstadt\"><div class=\"sp-lcp-logo-wrapper \" data-post-id=\"3674\"><a target=\"_blank\" href=\"https:\/\/www.wien.gv.at\/bezirke\/josefstadt\/\"><img loading=\"lazy\" decoding=\"async\" src=\"https:\/\/www.czirpczirp.cc\/wp-content\/uploads\/2022\/10\/logo-schwarz_Josefstadt-e1665492780540-300x40.png\" alt=\"04_Bezirksamt Josefstadt\" width=\"300\" height=\"40\" class=\"sp_lcp_thumb \"><\/a><\/div><\/div><\/div><div class=\"swiper-slide sp-lcp-item text-center\"><div class=\"sp-lcp-item-border content_position_default sp-lcp-tooltip\" title=\"05_1080 Wappen\"><div class=\"sp-lcp-logo-wrapper \" data-post-id=\"4875\"><img loading=\"lazy\" decoding=\"async\" src=\"https:\/\/www.czirpczirp.cc\/wp-content\/uploads\/2024\/05\/bezirk08-1-300x150.png\" alt=\"05_1080 Wappen\" width=\"300\" height=\"150\" class=\"sp_lcp_thumb \"><\/div><\/div><\/div><div class=\"swiper-slide sp-lcp-item text-center\"><div class=\"sp-lcp-item-border content_position_default sp-lcp-tooltip\" title=\"06_\u00d6KO Event\"><div class=\"sp-lcp-logo-wrapper \" data-post-id=\"4643\"><a target=\"_blank\" href=\"https:\/\/www.oekoevent.at\/ueber-oekoevent\"><img loading=\"lazy\" decoding=\"async\" src=\"https:\/\/www.czirpczirp.cc\/wp-content\/uploads\/2024\/02\/200929_OekoEvent_PLUS_D_PKZ_Kernmarke_crop.jpg\" alt=\"06_\u00d6KO Event\" width=\"223\" height=\"80\" class=\"sp_lcp_thumb \"><\/a><\/div><\/div><\/div><div class=\"swiper-slide sp-lcp-item text-center\"><div class=\"sp-lcp-item-border content_position_default sp-lcp-tooltip\" title=\"Klima Biennale\"><div class=\"sp-lcp-logo-wrapper \" data-post-id=\"4703\"><a target=\"_blank\" href=\"https:\/\/biennale.wien\/\"><img loading=\"lazy\" decoding=\"async\" src=\"https:\/\/www.czirpczirp.cc\/wp-content\/uploads\/2024\/03\/Klima-Biennale_web-2-300x50.png\" alt=\"Klima Biennale\" width=\"300\" height=\"50\" class=\"sp_lcp_thumb \"><\/a><\/div><\/div><\/div><\/div><\/div><\/div><\/div>\n","protected":false},"excerpt":{"rendered":"<p>Englisch PROGRAMM Er\u00f6ffnungFreitag, 24.05.2024, 18:00Sch\u00f6nbornpark (Eingang Lange Gasse), 1080 Wien Deep Listening mit Bodenbakterien (live)Samstag, 25.05.2024, 16:00-20:00Anatomy of a Symbiosis (Bild) von Sa\u0161a Spa\u010dal (SI); Speculative Communications von Interspecifics (MX).Im Garten des Volkskundemuseums. DiskursSamstag, 08.06.2024, 16:00-18:00Kurator*innenf\u00fchrung und offenes Gespr\u00e4ch \u00fcber unterirdische Lebensformen.Warum sind sie wichtig f\u00fcr uns?Wie k\u00f6nnen wir sie sch\u00fctzen?Treffpunkt am Haupteingang des Volkskundemuseums,Laudongasse [&hellip;]<\/p>\n","protected":false},"author":1,"featured_media":5165,"comment_status":"closed","ping_status":"closed","sticky":false,"template":"","format":"standard","meta":{"_seopress_robots_primary_cat":"none","_seopress_titles_title":"KLANGHAIN: Symbiosen und Netzwerke","_seopress_titles_desc":"Zwischen Poesie und wissenschaftlicher Skepsis oszillieren die Positionen und k\u00fcnstlerischen Utopien der Ausstellungs- und Veranstaltungsreihe zum lebendigen Untergrund.","_seopress_robots_index":"","footnotes":""},"categories":[135],"tags":[585,621,623,641,627,644,301,583,625,579,581,639],"class_list":["post-4795","post","type-post","status-publish","format-standard","has-post-thumbnail","hentry","category-diverses","tag-bodenkunde","tag-interspecifics","tag-jiri-suchanek","tag-klima-biennale-wien","tag-leslie-garcia","tag-lona-gaikis-de","tag-medienkunst-wien","tag-natur-kultur","tag-sasa-spacal","tag-sound-art-im-oeffentlichen-raum","tag-subkulturen","tag-volkskundemuseum"],"wp-worthy-pixel":{"ignored":false,"public":"358c816615804018a6f7c2b17efc91a0","server":"vg05.met.vgwort.de","url":"https:\/\/vg05.met.vgwort.de\/na\/358c816615804018a6f7c2b17efc91a0"},"wp-worthy-type":"normal","_links":{"self":[{"href":"https:\/\/www.czirpczirp.cc\/index.php?rest_route=\/wp\/v2\/posts\/4795","targetHints":{"allow":["GET"]}}],"collection":[{"href":"https:\/\/www.czirpczirp.cc\/index.php?rest_route=\/wp\/v2\/posts"}],"about":[{"href":"https:\/\/www.czirpczirp.cc\/index.php?rest_route=\/wp\/v2\/types\/post"}],"author":[{"embeddable":true,"href":"https:\/\/www.czirpczirp.cc\/index.php?rest_route=\/wp\/v2\/users\/1"}],"replies":[{"embeddable":true,"href":"https:\/\/www.czirpczirp.cc\/index.php?rest_route=%2Fwp%2Fv2%2Fcomments&post=4795"}],"version-history":[{"count":0,"href":"https:\/\/www.czirpczirp.cc\/index.php?rest_route=\/wp\/v2\/posts\/4795\/revisions"}],"wp:featuredmedia":[{"embeddable":true,"href":"https:\/\/www.czirpczirp.cc\/index.php?rest_route=\/wp\/v2\/media\/5165"}],"wp:attachment":[{"href":"https:\/\/www.czirpczirp.cc\/index.php?rest_route=%2Fwp%2Fv2%2Fmedia&parent=4795"}],"wp:term":[{"taxonomy":"category","embeddable":true,"href":"https:\/\/www.czirpczirp.cc\/index.php?rest_route=%2Fwp%2Fv2%2Fcategories&post=4795"},{"taxonomy":"post_tag","embeddable":true,"href":"https:\/\/www.czirpczirp.cc\/index.php?rest_route=%2Fwp%2Fv2%2Ftags&post=4795"}],"curies":[{"name":"wp","href":"https:\/\/api.w.org\/{rel}","templated":true}]}}