{"id":6075,"date":"2025-04-09T08:28:08","date_gmt":"2025-04-09T06:28:08","guid":{"rendered":"https:\/\/www.czirpczirp.cc\/?p=6075"},"modified":"2025-06-09T09:13:46","modified_gmt":"2025-06-09T07:13:46","slug":"save-these-dates-2024-2","status":"publish","type":"post","link":"https:\/\/www.czirpczirp.cc\/?p=6075","title":{"rendered":"SAVE THESE DATES 2025"},"content":{"rendered":"\n<figure class=\"wp-block-image size-full\"><a href=\"https:\/\/www.czirpczirp.cc\/wp-content\/uploads\/2025\/06\/1973_John-Baldessari_Haste-makes-waste_800px.jpg\" rel=\"lightbox[6075]\"><img loading=\"lazy\" decoding=\"async\" width=\"800\" height=\"588\" src=\"https:\/\/www.czirpczirp.cc\/wp-content\/uploads\/2025\/06\/1973_John-Baldessari_Haste-makes-waste_800px.jpg\" alt=\"\" class=\"wp-image-6073\" srcset=\"https:\/\/www.czirpczirp.cc\/wp-content\/uploads\/2025\/06\/1973_John-Baldessari_Haste-makes-waste_800px.jpg 800w, https:\/\/www.czirpczirp.cc\/wp-content\/uploads\/2025\/06\/1973_John-Baldessari_Haste-makes-waste_800px-300x221.jpg 300w, https:\/\/www.czirpczirp.cc\/wp-content\/uploads\/2025\/06\/1973_John-Baldessari_Haste-makes-waste_800px-768x564.jpg 768w\" sizes=\"auto, (max-width: 800px) 100vw, 800px\" \/><\/a><figcaption class=\"wp-element-caption\"><strong>Titelbild:<\/strong>&nbsp;John Baldessari,&nbsp;<em>Haste Makes Waste<\/em>&nbsp;(1973). Vor geraumer Zeit im mumok \u2013 Museum moderner Kunst Stiftung Ludwig Wien fotografiert (czirp czirp).<\/figcaption><\/figure>\n\n\n\n<div style=\"height:50px\" aria-hidden=\"true\" class=\"wp-block-spacer\"><\/div>\n\n\n\n<p class=\"has-text-align-center\">Liebe Freund*innen,<\/p>\n\n\n\n<p class=\"has-text-align-center\">Gute Dinge ben\u00f6tigen Zeit \u2013 und auch wenn sie endlich eintreffen, ist manchmal noch ein wenig mehr Geduld gefragt \u2026<\/p>\n\n\n\n<p class=\"has-text-align-center\">Jetzt, da wir wieder ganz im Sommermodus angekommen sind, ist es an der Zeit, die diesj\u00e4hrigen Projekte anzuk\u00fcndigen. Auch dieses Jahr gehen wir wieder in den \u00f6ffentlichen Raum und laden Euch ein, Sound, Bewegung und Laser gemeinsam zu erleben!<\/p>\n\n\n\n<p class=\"has-text-align-center\">Merkt Euch folgende Termine im Kalender vor:<\/p>\n\n\n\n<div style=\"height:50px\" aria-hidden=\"true\" class=\"wp-block-spacer\"><\/div>\n\n\n\n<p class=\"has-text-align-center\"><strong><strong>PROMPTS F\u00dcR DEN MENSCHEN<\/strong><br><strong>Donnerstag, 24. Juli 2025, 19:00-22:00 Uhr<\/strong><\/strong><\/p>\n\n\n\n<h2 class=\"wp-block-heading has-text-align-center\"><em><strong><a href=\"https:\/\/www.czirpczirp.cc\/?p=5898\">SONIC CELL<\/a><\/strong><\/em><\/h2>\n\n\n\n<div style=\"height:10px\" aria-hidden=\"true\" class=\"wp-block-spacer\"><\/div>\n\n\n\n<p class=\"has-text-align-center\">Mehrkanal-Konzert im \u00f6ffentlichen Raum mit den K\u00fcnstlerinnen: <a href=\"https:\/\/islaja.com\/\"><strong>Islaja<\/strong><\/a> (FIN), <a href=\"https:\/\/soundcloud.com\/lucy-duncombe-1\/ghosting\"><strong>Lucy Duncombe<\/strong><\/a> (UK) und&nbsp;<a href=\"https:\/\/soundcloud.com\/feroniawennborg\"><strong>Feronia Wennborg<\/strong><\/a> (NO), <strong><a href=\"https:\/\/www.instagram.com\/da.phne.von\/?hl=de\">Daphne von Schrader<\/a><\/strong> (AT).&nbsp;<\/p>\n\n\n\n<p class=\"has-text-align-center\"><strong>@ Schlesingerplatz, 1080 Wien<\/strong><\/p>\n\n\n\n<div style=\"height:20px\" aria-hidden=\"true\" class=\"wp-block-spacer\"><\/div>\n\n\n\n<hr class=\"wp-block-separator has-alpha-channel-opacity\"\/>\n\n\n\n<div style=\"height:20px\" aria-hidden=\"true\" class=\"wp-block-spacer\"><\/div>\n\n\n\n<p class=\"has-text-align-center\"><strong><strong>CLUB RADIOKOJE<\/strong><br><strong>Samstag, 30. August 2025, 13:00\u201319:30 Uhr.<\/strong><\/strong><\/p>\n\n\n\n<h2 class=\"wp-block-heading has-text-align-center\"><em><strong><a href=\"https:\/\/www.czirpczirp.cc\/?p=5905\">SYMPOIESIS<\/a><\/strong><\/em><\/h2>\n\n\n\n<div style=\"height:10px\" aria-hidden=\"true\" class=\"wp-block-spacer\"><\/div>\n\n\n\n<p class=\"has-text-align-center\">Offene elektronische Instrumentenwerkstatt \/ Tanzen als\u00a0<em>lebendige Form<\/em>.<\/p>\n\n\n\n<p class=\"has-text-align-center\">DJinis: <a href=\"https:\/\/soundcloud.com\/gigstab\"><strong>Nono Gigsta<\/strong><\/a> (NL), <a href=\"https:\/\/soundcloud.com\/abugabi\"><strong>Abu Gabi<\/strong><\/a> (AT). Line-up im Entstehen.<br>In Zusammenarbeit mit <a href=\"https:\/\/www.silentdisco.at\/\"><strong>Silent Disco<\/strong><\/a>, Wien.<\/p>\n\n\n\n<p class=\"has-text-align-center\">N\u00e4heres in K\u00fcrze!<\/p>\n\n\n\n<p class=\"has-text-align-center\"><strong>@ Kongre\u00dfbad, Wien<\/strong><\/p>\n\n\n\n<div style=\"height:20px\" aria-hidden=\"true\" class=\"wp-block-spacer\"><\/div>\n\n\n\n<hr class=\"wp-block-separator has-alpha-channel-opacity\"\/>\n\n\n\n<div style=\"height:20px\" aria-hidden=\"true\" class=\"wp-block-spacer\"><\/div>\n\n\n\n<p class=\"has-text-align-center\"><strong>SYNTHESIS VON KLANG, RAUM UND LICHT<br>Herbst\/Winter 2025<\/strong><\/p>\n\n\n\n<h2 class=\"wp-block-heading has-text-align-center\"><a href=\"https:\/\/www.czirpczirp.cc\/?p=6038\"><em><strong>0TH3R G30M3TR13S<\/strong><\/em><\/a><\/h2>\n\n\n\n<div style=\"height:10px\" aria-hidden=\"true\" class=\"wp-block-spacer\"><\/div>\n\n\n\n<p class=\"has-text-align-center\">Kuratiert in Zusammenarbeit mit dem LASER-K\u00fcnstler&nbsp;<a href=\"https:\/\/www.br-laser.com\/\"><strong>Bernhard Rasinger<\/strong><\/a>, fokussiert sich dieses Projekt auf die Entstehung geometrischer Vorstellungswelten durch Klang und Licht.<\/p>\n\n\n\n<p class=\"has-text-align-center\"><strong>@ Ort wird noch bekannt gegeben.<\/strong><\/p>\n\n\n\n<div style=\"height:20px\" aria-hidden=\"true\" class=\"wp-block-spacer\"><\/div>\n\n\n\n<p><\/p>\n","protected":false},"excerpt":{"rendered":"<p>Liebe Freund*innen, Gute Dinge ben\u00f6tigen Zeit \u2013 und auch wenn sie endlich eintreffen, ist manchmal noch ein wenig mehr Geduld gefragt \u2026 Jetzt, da wir wieder ganz im Sommermodus angekommen sind, ist es an der Zeit, die diesj\u00e4hrigen Projekte anzuk\u00fcndigen. Auch dieses Jahr gehen wir wieder in den \u00f6ffentlichen Raum und laden Euch ein, Sound, [&hellip;]<\/p>\n","protected":false},"author":1,"featured_media":0,"comment_status":"closed","ping_status":"closed","sticky":false,"template":"","format":"standard","meta":{"_seopress_robots_primary_cat":"none","_seopress_titles_title":"","_seopress_titles_desc":"","_seopress_robots_index":"","footnotes":""},"categories":[135],"tags":[],"class_list":["post-6075","post","type-post","status-publish","format-standard","hentry","category-diverses"],"wp-worthy-pixel":{"ignored":false,"public":null,"server":null,"url":null},"wp-worthy-type":"normal","_links":{"self":[{"href":"https:\/\/www.czirpczirp.cc\/index.php?rest_route=\/wp\/v2\/posts\/6075","targetHints":{"allow":["GET"]}}],"collection":[{"href":"https:\/\/www.czirpczirp.cc\/index.php?rest_route=\/wp\/v2\/posts"}],"about":[{"href":"https:\/\/www.czirpczirp.cc\/index.php?rest_route=\/wp\/v2\/types\/post"}],"author":[{"embeddable":true,"href":"https:\/\/www.czirpczirp.cc\/index.php?rest_route=\/wp\/v2\/users\/1"}],"replies":[{"embeddable":true,"href":"https:\/\/www.czirpczirp.cc\/index.php?rest_route=%2Fwp%2Fv2%2Fcomments&post=6075"}],"version-history":[{"count":8,"href":"https:\/\/www.czirpczirp.cc\/index.php?rest_route=\/wp\/v2\/posts\/6075\/revisions"}],"predecessor-version":[{"id":6087,"href":"https:\/\/www.czirpczirp.cc\/index.php?rest_route=\/wp\/v2\/posts\/6075\/revisions\/6087"}],"wp:attachment":[{"href":"https:\/\/www.czirpczirp.cc\/index.php?rest_route=%2Fwp%2Fv2%2Fmedia&parent=6075"}],"wp:term":[{"taxonomy":"category","embeddable":true,"href":"https:\/\/www.czirpczirp.cc\/index.php?rest_route=%2Fwp%2Fv2%2Fcategories&post=6075"},{"taxonomy":"post_tag","embeddable":true,"href":"https:\/\/www.czirpczirp.cc\/index.php?rest_route=%2Fwp%2Fv2%2Ftags&post=6075"}],"curies":[{"name":"wp","href":"https:\/\/api.w.org\/{rel}","templated":true}]}}